{"id":3417,"date":"2022-03-23T11:43:41","date_gmt":"2022-03-23T10:43:41","guid":{"rendered":"http:\/\/praxis.sandravaneldik.de\/pages\/?p=3417"},"modified":"2022-03-23T12:00:04","modified_gmt":"2022-03-23T11:00:04","slug":"es-zeigen-sich-positive-auswirkungen-in-allen-bereichen-meines-lebens-vor-allem-in-meinen-beziehungen","status":"publish","type":"post","link":"https:\/\/praxis.sandravaneldik.de\/pages\/es-zeigen-sich-positive-auswirkungen-in-allen-bereichen-meines-lebens-vor-allem-in-meinen-beziehungen\/","title":{"rendered":"&#8222;&#8230;es zeigen sich positive Auswirkungen in allen Bereichen meines Lebens, vor allem in meinen Beziehungen&#8220;"},"content":{"rendered":"<p>Erfahrungsbericht einer Klientin:<\/p>\n<p>\u201eDie f\u00fcnf Sitzungen mit Sandra van Eldik waren das Wertvollste, was ich an Therapie bisher gemacht habe. Mit Hilfe der traumaaufl\u00f6senden Hypnose konnten wir mehrere tiefe Verwundungen aus meiner fr\u00fchesten Kindheit in die Heilung bringen, die mein Leben vorher unbewusst beeinflusst und zu gro\u00dfem Leidensdruck in mir gef\u00fchrt hatten. Die Energie, die in diesen fr\u00fchen Verletzungen und den damit verbundenen Glaubenss\u00e4tzen gebunden war, stand mir pl\u00f6tzlich f\u00fcr neue Perspektiven und andere Verhaltensweisen zur Verf\u00fcgung. Ich sp\u00fcre seitdem ein wachsendes Vertrauen ins Leben und es zeigen sich positive Auswirkungen in allen Bereichen meines Lebens, vor allem in meinen Beziehungen. Sandras Begleitung habe ich in jedem Moment als sanft, liebevoll und einf\u00fchlsam empfunden, gleichzeitig als sehr klar und kompetent. Sandra, ich danke dir f\u00fcr Herzen f\u00fcr deine Begleitung!\u201c<\/p>\n","protected":false},"excerpt":{"rendered":"<p>Erfahrungsbericht einer Klientin: \u201eDie f\u00fcnf Sitzungen mit Sandra van Eldik waren das Wertvollste, was ich an Therapie bisher gemacht habe. Mit Hilfe der traumaaufl\u00f6senden Hypnose konnten wir mehrere tiefe Verwundungen aus meiner fr\u00fchesten Kindheit in die Heilung bringen, die mein Leben vorher unbewusst beeinflusst und zu gro\u00dfem Leidensdruck in mir gef\u00fchrt hatten. Die Energie, die&hellip;<\/p>\n","protected":false},"author":4,"featured_media":0,"comment_status":"closed","ping_status":"closed","sticky":false,"template":"","format":"standard","meta":{"_genesis_hide_title":false,"_genesis_hide_breadcrumbs":false,"_genesis_hide_singular_image":false,"_genesis_hide_footer_widgets":false,"_genesis_custom_body_class":"","_genesis_custom_post_class":"","_genesis_layout":""},"categories":[1,34,35],"tags":[],"featured_image_src":null,"featured_image_src_square":null,"author_info":{"display_name":"mobil","author_link":"https:\/\/praxis.sandravaneldik.de\/pages\/author\/mobil\/"},"_links":{"self":[{"href":"https:\/\/praxis.sandravaneldik.de\/pages\/wp-json\/wp\/v2\/posts\/3417"}],"collection":[{"href":"https:\/\/praxis.sandravaneldik.de\/pages\/wp-json\/wp\/v2\/posts"}],"about":[{"href":"https:\/\/praxis.sandravaneldik.de\/pages\/wp-json\/wp\/v2\/types\/post"}],"author":[{"embeddable":true,"href":"https:\/\/praxis.sandravaneldik.de\/pages\/wp-json\/wp\/v2\/users\/4"}],"replies":[{"embeddable":true,"href":"https:\/\/praxis.sandravaneldik.de\/pages\/wp-json\/wp\/v2\/comments?post=3417"}],"version-history":[{"count":4,"href":"https:\/\/praxis.sandravaneldik.de\/pages\/wp-json\/wp\/v2\/posts\/3417\/revisions"}],"predecessor-version":[{"id":3424,"href":"https:\/\/praxis.sandravaneldik.de\/pages\/wp-json\/wp\/v2\/posts\/3417\/revisions\/3424"}],"wp:attachment":[{"href":"https:\/\/praxis.sandravaneldik.de\/pages\/wp-json\/wp\/v2\/media?parent=3417"}],"wp:term":[{"taxonomy":"category","embeddable":true,"href":"https:\/\/praxis.sandravaneldik.de\/pages\/wp-json\/wp\/v2\/categories?post=3417"},{"taxonomy":"post_tag","embeddable":true,"href":"https:\/\/praxis.sandravaneldik.de\/pages\/wp-json\/wp\/v2\/tags?post=3417"}],"curies":[{"name":"wp","href":"https:\/\/api.w.org\/{rel}","templated":true}]}}