{"id":3413,"date":"2022-03-23T11:03:23","date_gmt":"2022-03-23T10:03:23","guid":{"rendered":"http:\/\/praxis.sandravaneldik.de\/pages\/?p=3413"},"modified":"2022-03-23T12:01:19","modified_gmt":"2022-03-23T11:01:19","slug":"ueber-die-geburt-hinaus-ist-mir-dein-coaching-ein-wertvoller-beitrag-in-meinem-leben","status":"publish","type":"post","link":"https:\/\/praxis.sandravaneldik.de\/pages\/ueber-die-geburt-hinaus-ist-mir-dein-coaching-ein-wertvoller-beitrag-in-meinem-leben\/","title":{"rendered":"&#8222;\u00dcber die Geburt hinaus ist mir dein Coaching ein wertvoller Beitrag in meinem Leben :)&#8220;"},"content":{"rendered":"<p>Es folgt ein Erfahrungsbericht einer Mutter, die nach einer erstern schwierigen Geburt zur Geburtsvorbereitung in der 2. Schwangerschaft zu mir kam. Vielen Dank f\u00fcr deine R\u00fcckmeldung!<\/p>\n<p>&gt;&gt;Zusammen mit Sandra habe ich mich 2020 auf die Geburt meines zweiten Sohnes vorbereitet.<br \/>\nIch kam zu ihr, weil meine erste Geburt schwierig und kein so sch\u00f6nes Erlebnis f\u00fcr mich war<br \/>\nund ich die zweite Geburt gerne anders gestalten wollte. Und ich muss sagen, ich fand Sandras<br \/>\nBegleitung ganz toll! Sie hatte so einen guten Riecher daf\u00fcr wo f\u00fcr mich die Reise hingehen<br \/>\nmuss, dass ich mich am Ende entspannt und selbstbewusst auf die zweite Geburt freuen<br \/>\nkonnte. Und die war dann gl\u00fccklicherweise auch ganz anders als die Erste. Ich konnte mich auf<br \/>\nvieles von dem st\u00fctzen was wir erarbeitet hatten und konnte so die Geburt zu einem Erlebnis<br \/>\nmachen, an das ich gerne zur\u00fcckdenke. Also Fazit: Ich danke dir von Herzen , liebe Sandra, f\u00fcr<br \/>\ndeine einf\u00fchlsame und flexible Unterst\u00fctzung! \u00dcber die Geburt hinaus ist mir dein Coaching ein<br \/>\nwertvoller Beitrag in meinem Leben :)&lt;&lt;<\/p>\n","protected":false},"excerpt":{"rendered":"<p>Es folgt ein Erfahrungsbericht einer Mutter, die nach einer erstern schwierigen Geburt zur Geburtsvorbereitung in der 2. Schwangerschaft zu mir kam. Vielen Dank f\u00fcr deine R\u00fcckmeldung! &gt;&gt;Zusammen mit Sandra habe ich mich 2020 auf die Geburt meines zweiten Sohnes vorbereitet. Ich kam zu ihr, weil meine erste Geburt schwierig und kein so sch\u00f6nes Erlebnis f\u00fcr&hellip;<\/p>\n","protected":false},"author":4,"featured_media":0,"comment_status":"closed","ping_status":"closed","sticky":false,"template":"","format":"standard","meta":{"_genesis_hide_title":false,"_genesis_hide_breadcrumbs":false,"_genesis_hide_singular_image":false,"_genesis_hide_footer_widgets":false,"_genesis_custom_body_class":"","_genesis_custom_post_class":"","_genesis_layout":""},"categories":[1,34,13],"tags":[],"featured_image_src":null,"featured_image_src_square":null,"author_info":{"display_name":"mobil","author_link":"https:\/\/praxis.sandravaneldik.de\/pages\/author\/mobil\/"},"_links":{"self":[{"href":"https:\/\/praxis.sandravaneldik.de\/pages\/wp-json\/wp\/v2\/posts\/3413"}],"collection":[{"href":"https:\/\/praxis.sandravaneldik.de\/pages\/wp-json\/wp\/v2\/posts"}],"about":[{"href":"https:\/\/praxis.sandravaneldik.de\/pages\/wp-json\/wp\/v2\/types\/post"}],"author":[{"embeddable":true,"href":"https:\/\/praxis.sandravaneldik.de\/pages\/wp-json\/wp\/v2\/users\/4"}],"replies":[{"embeddable":true,"href":"https:\/\/praxis.sandravaneldik.de\/pages\/wp-json\/wp\/v2\/comments?post=3413"}],"version-history":[{"count":2,"href":"https:\/\/praxis.sandravaneldik.de\/pages\/wp-json\/wp\/v2\/posts\/3413\/revisions"}],"predecessor-version":[{"id":3427,"href":"https:\/\/praxis.sandravaneldik.de\/pages\/wp-json\/wp\/v2\/posts\/3413\/revisions\/3427"}],"wp:attachment":[{"href":"https:\/\/praxis.sandravaneldik.de\/pages\/wp-json\/wp\/v2\/media?parent=3413"}],"wp:term":[{"taxonomy":"category","embeddable":true,"href":"https:\/\/praxis.sandravaneldik.de\/pages\/wp-json\/wp\/v2\/categories?post=3413"},{"taxonomy":"post_tag","embeddable":true,"href":"https:\/\/praxis.sandravaneldik.de\/pages\/wp-json\/wp\/v2\/tags?post=3413"}],"curies":[{"name":"wp","href":"https:\/\/api.w.org\/{rel}","templated":true}]}}