{"id":1852,"date":"2016-11-23T10:41:26","date_gmt":"2016-11-23T09:41:26","guid":{"rendered":"http:\/\/praxis.sandravaneldik.de\/pages\/?p=1852"},"modified":"2016-11-23T10:44:24","modified_gmt":"2016-11-23T09:44:24","slug":"erfahrungsbericht-3","status":"publish","type":"post","link":"https:\/\/praxis.sandravaneldik.de\/pages\/erfahrungsbericht-3\/","title":{"rendered":"&#8222;Unsere Tochter kam sanft und ruhig zur Welt&#8230;&#8220;"},"content":{"rendered":"<p>&#8222;Ich freue mich, dass ich die erste bin, die einen Erfahrungsbericht verfassen darf.<br \/>\nIch habe in der Praxis f\u00fcr Lebenskreationen einen Kurs zur &#8222;Sanften Geburt&#8220; besucht.<br \/>\nIch kam mit gro\u00dfer Spannung und vielen \u00c4ngsten beladen zur ersten Stunde.<br \/>\nSandra empfing mich mit soviel Herzlichkeit und Einf\u00fchlungsverm\u00f6gen, dass ich im Laufe des Kurses meine \u00c4ngste verlor und mich geborgen und wirklich verstanden f\u00fchlte.<br \/>\nDank der Entspannungs\u00fcbungen, den vielen Gespr\u00e4chen und der St\u00e4rkung meines Selbstbewusstseins wurde die Geburt unserer Tochter zu einem der sch\u00f6nsten Erlebnisse meines Lebens.<\/p>\n<p>Die Entspannungs\u00fcbungen helfen mir auch nach der Geburt zur Ruhe zu kommen, wann immer sich eine Gelegenheit daf\u00fcr bietet. Ich kann diesen Kurs zus\u00e4tzlich zu einem Geburtsvorbereitungskurs der Hebamme empfehlen.<\/p>\n<p>Vielen Dank liebe Sandra f\u00fcr die tolle Zeit, die wir w\u00e4hrend des Kurses zusammen erlebt haben. Unsere Tochter kam sanft und ruhig<br \/>\nzur Welt und reagiert noch heute auf die gesetzten Anker, die sie w\u00e4hrend unseres Kurses miterlebt hat.&#8220;<br \/>\n<em>A.F. 22.11.2013<\/em><\/p>\n","protected":false},"excerpt":{"rendered":"<p>&#8222;Ich freue mich, dass ich die erste bin, die einen Erfahrungsbericht verfassen darf. Ich habe in der Praxis f\u00fcr Lebenskreationen einen Kurs zur &#8222;Sanften Geburt&#8220; besucht. Ich kam mit gro\u00dfer Spannung und vielen \u00c4ngsten beladen zur ersten Stunde. Sandra empfing mich mit soviel Herzlichkeit und Einf\u00fchlungsverm\u00f6gen, dass ich im Laufe des Kurses meine \u00c4ngste verlor&hellip;<\/p>\n","protected":false},"author":4,"featured_media":0,"comment_status":"closed","ping_status":"open","sticky":false,"template":"","format":"standard","meta":{"_genesis_hide_title":false,"_genesis_hide_breadcrumbs":false,"_genesis_hide_singular_image":false,"_genesis_hide_footer_widgets":false,"_genesis_custom_body_class":"","_genesis_custom_post_class":"","_genesis_layout":""},"categories":[34],"tags":[],"featured_image_src":null,"featured_image_src_square":null,"author_info":{"display_name":"mobil","author_link":"https:\/\/praxis.sandravaneldik.de\/pages\/author\/mobil\/"},"_links":{"self":[{"href":"https:\/\/praxis.sandravaneldik.de\/pages\/wp-json\/wp\/v2\/posts\/1852"}],"collection":[{"href":"https:\/\/praxis.sandravaneldik.de\/pages\/wp-json\/wp\/v2\/posts"}],"about":[{"href":"https:\/\/praxis.sandravaneldik.de\/pages\/wp-json\/wp\/v2\/types\/post"}],"author":[{"embeddable":true,"href":"https:\/\/praxis.sandravaneldik.de\/pages\/wp-json\/wp\/v2\/users\/4"}],"replies":[{"embeddable":true,"href":"https:\/\/praxis.sandravaneldik.de\/pages\/wp-json\/wp\/v2\/comments?post=1852"}],"version-history":[{"count":2,"href":"https:\/\/praxis.sandravaneldik.de\/pages\/wp-json\/wp\/v2\/posts\/1852\/revisions"}],"predecessor-version":[{"id":1860,"href":"https:\/\/praxis.sandravaneldik.de\/pages\/wp-json\/wp\/v2\/posts\/1852\/revisions\/1860"}],"wp:attachment":[{"href":"https:\/\/praxis.sandravaneldik.de\/pages\/wp-json\/wp\/v2\/media?parent=1852"}],"wp:term":[{"taxonomy":"category","embeddable":true,"href":"https:\/\/praxis.sandravaneldik.de\/pages\/wp-json\/wp\/v2\/categories?post=1852"},{"taxonomy":"post_tag","embeddable":true,"href":"https:\/\/praxis.sandravaneldik.de\/pages\/wp-json\/wp\/v2\/tags?post=1852"}],"curies":[{"name":"wp","href":"https:\/\/api.w.org\/{rel}","templated":true}]}}